{"id":2157,"date":"2024-01-20T12:05:31","date_gmt":"2024-01-20T11:05:31","guid":{"rendered":"https:\/\/ampere2025.fr\/lycee-ampere-a-lyon\/"},"modified":"2024-09-20T11:14:24","modified_gmt":"2024-09-20T09:14:24","slug":"lycee-ampere-a-lyon","status":"publish","type":"post","link":"https:\/\/ampere2025.fr\/en\/lycee-ampere-a-lyon\/","title":{"rendered":"Lyc\u00e9e Amp\u00e8re in lyon"},"content":{"rendered":"\n<div class=\"wp-block-media-text is-stacked-on-mobile is-vertically-aligned-top\" style=\"grid-template-columns:33% auto\"><figure class=\"wp-block-media-text__media\"><img loading=\"lazy\" decoding=\"async\" width=\"204\" height=\"300\" src=\"https:\/\/ampere2025.fr\/wp-content\/uploads\/2024\/06\/porte-lycee-ampere-lyon-204x300.jpg\" alt=\"\" class=\"wp-image-2149 size-medium\" srcset=\"https:\/\/ampere2025.fr\/wp-content\/uploads\/2024\/06\/porte-lycee-ampere-lyon-204x300.jpg 204w, https:\/\/ampere2025.fr\/wp-content\/uploads\/2024\/06\/porte-lycee-ampere-lyon.jpg 408w\" sizes=\"auto, (max-width: 204px) 100vw, 204px\" \/><\/figure><div class=\"wp-block-media-text__content\">\n<p>Founded as an educational establishment in 1519, then as the Coll\u00e8ge de la Trinit\u00e9, taken over by the members of the Confr\u00e9rie de la Trinit\u00e9 in 1524, it was run for almost two centuries by the Jesuits, who enlarged it, built chapels and diversified the teaching (philosophy, then mathematics, geometry, astronomy, art and theatre).<\/p>\n\n\n\n<p>Ecole Centrale under the Convention, it was one of the first &#8220;lyc\u00e9es&#8221; created under the Consulate by a decree of 24 Vend\u00e9miaire, year XI (16 October 1802) in application of the law of 11 Flor\u00e9al, year X (1 May 1802).<\/p>\n\n\n\n<p>&#8220;Lyc\u00e9e imp\u00e9rial&#8221; under the Empire, &#8220;Coll\u00e8ge royal&#8221; under the Restoration and the July<br>Monarchy, it became the Lyc\u00e9e de Lyon after the 1848 revolution and was named in 1888 after Andr\u00e9 Marie AMPERE, the scholar and philosopher who taught there at the turn of the century.<\/p>\n\n\n\n<p>Under the decentralisation laws, it is now a regional polyvalent secondary school.<\/p>\n\n\n\n<p>(Source<a href=\"https:\/\/ampere.ent.auvergnerhonealpes.fr\/le-lycee\/\" target=\"_blank\" rel=\"noreferrer noopener\"> https:\/\/ampere.ent.auvergnerhonealpes.fr\/le-lycee\/<\/a>)<\/p>\n<\/div><\/div>\n","protected":false},"excerpt":{"rendered":"<p>Founded as an educational establishment in 1519, then as the Coll\u00e8ge de la Trinit\u00e9, taken over by the members of [&hellip;]<\/p>\n","protected":false},"author":1,"featured_media":2150,"comment_status":"closed","ping_status":"closed","sticky":false,"template":"","format":"standard","meta":{"_uag_custom_page_level_css":"","site-sidebar-layout":"default","site-content-layout":"","ast-site-content-layout":"default","site-content-style":"default","site-sidebar-style":"default","ast-global-header-display":"","ast-banner-title-visibility":"","ast-main-header-display":"","ast-hfb-above-header-display":"","ast-hfb-below-header-display":"","ast-hfb-mobile-header-display":"","site-post-title":"","ast-breadcrumbs-content":"","ast-featured-img":"disabled","footer-sml-layout":"","ast-disable-related-posts":"","theme-transparent-header-meta":"","adv-header-id-meta":"","stick-header-meta":"","header-above-stick-meta":"","header-main-stick-meta":"","header-below-stick-meta":"","astra-migrate-meta-layouts":"default","ast-page-background-enabled":"default","ast-page-background-meta":{"desktop":{"background-color":"var(--ast-global-color-4)","background-image":"","background-repeat":"repeat","background-position":"center center","background-size":"auto","background-attachment":"scroll","background-type":"","background-media":"","overlay-type":"","overlay-color":"","overlay-opacity":"","overlay-gradient":""},"tablet":{"background-color":"","background-image":"","background-repeat":"repeat","background-position":"center center","background-size":"auto","background-attachment":"scroll","background-type":"","background-media":"","overlay-type":"","overlay-color":"","overlay-opacity":"","overlay-gradient":""},"mobile":{"background-color":"","background-image":"","background-repeat":"repeat","background-position":"center center","background-size":"auto","background-attachment":"scroll","background-type":"","background-media":"","overlay-type":"","overlay-color":"","overlay-opacity":"","overlay-gradient":""}},"ast-content-background-meta":{"desktop":{"background-color":"var(--ast-global-color-5)","background-image":"","background-repeat":"repeat","background-position":"center center","background-size":"auto","background-attachment":"scroll","background-type":"","background-media":"","overlay-type":"","overlay-color":"","overlay-opacity":"","overlay-gradient":""},"tablet":{"background-color":"var(--ast-global-color-5)","background-image":"","background-repeat":"repeat","background-position":"center center","background-size":"auto","background-attachment":"scroll","background-type":"","background-media":"","overlay-type":"","overlay-color":"","overlay-opacity":"","overlay-gradient":""},"mobile":{"background-color":"var(--ast-global-color-5)","background-image":"","background-repeat":"repeat","background-position":"center center","background-size":"auto","background-attachment":"scroll","background-type":"","background-media":"","overlay-type":"","overlay-color":"","overlay-opacity":"","overlay-gradient":""}},"footnotes":""},"categories":[112,8],"tags":[120],"class_list":["post-2157","post","type-post","status-publish","format-standard","has-post-thumbnail","hentry","category-about-ampere","category-non-classe","tag-autour-dampere-en"],"yoast_head":"<!-- This site is optimized with the Yoast SEO plugin v26.8 - https:\/\/yoast.com\/product\/yoast-seo-wordpress\/ -->\n<title>Lyc\u00e9e Amp\u00e8re in lyon - Amp\u00e8re 2025<\/title>\n<meta name=\"robots\" content=\"index, follow, max-snippet:-1, max-image-preview:large, max-video-preview:-1\" \/>\n<link rel=\"canonical\" href=\"https:\/\/ampere2025.fr\/en\/lycee-ampere-a-lyon\/\" \/>\n<meta property=\"og:locale\" content=\"en_US\" \/>\n<meta property=\"og:type\" content=\"article\" \/>\n<meta property=\"og:title\" content=\"Lyc\u00e9e Amp\u00e8re in lyon - Amp\u00e8re 2025\" \/>\n<meta property=\"og:description\" content=\"Founded as an educational establishment in 1519, then as the Coll\u00e8ge de la Trinit\u00e9, taken over by the members of [&hellip;]\" \/>\n<meta property=\"og:url\" content=\"https:\/\/ampere2025.fr\/en\/lycee-ampere-a-lyon\/\" \/>\n<meta property=\"og:site_name\" content=\"Amp\u00e8re 2025\" \/>\n<meta property=\"article:publisher\" content=\"https:\/\/www.facebook.com\/saamapoleymieux69\/\" \/>\n<meta property=\"article:published_time\" content=\"2024-01-20T11:05:31+00:00\" \/>\n<meta property=\"article:modified_time\" content=\"2024-09-20T09:14:24+00:00\" \/>\n<meta property=\"og:image\" content=\"https:\/\/ampere2025.fr\/wp-content\/uploads\/2024\/06\/porte-lycee-ampere-lyon.jpg\" \/>\n\t<meta property=\"og:image:width\" content=\"408\" \/>\n\t<meta property=\"og:image:height\" content=\"599\" \/>\n\t<meta property=\"og:image:type\" content=\"image\/jpeg\" \/>\n<meta name=\"author\" content=\"admin\" \/>\n<meta name=\"twitter:card\" content=\"summary_large_image\" \/>\n<meta name=\"twitter:creator\" content=\"@amperemaison\" \/>\n<meta name=\"twitter:site\" content=\"@amperemaison\" \/>\n<meta name=\"twitter:label1\" content=\"Written by\" \/>\n\t<meta name=\"twitter:data1\" content=\"admin\" \/>\n\t<meta name=\"twitter:label2\" content=\"Est. reading time\" \/>\n\t<meta name=\"twitter:data2\" content=\"2 minutes\" \/>\n<script type=\"application\/ld+json\" class=\"yoast-schema-graph\">{\"@context\":\"https:\/\/schema.org\",\"@graph\":[{\"@type\":\"Article\",\"@id\":\"https:\/\/ampere2025.fr\/en\/lycee-ampere-a-lyon\/#article\",\"isPartOf\":{\"@id\":\"https:\/\/ampere2025.fr\/en\/lycee-ampere-a-lyon\/\"},\"author\":{\"name\":\"admin\",\"@id\":\"https:\/\/ampere2025.fr\/en\/#\/schema\/person\/09f086a5ecfcdac515fd60aa760a6742\"},\"headline\":\"Lyc\u00e9e Amp\u00e8re in lyon\",\"datePublished\":\"2024-01-20T11:05:31+00:00\",\"dateModified\":\"2024-09-20T09:14:24+00:00\",\"mainEntityOfPage\":{\"@id\":\"https:\/\/ampere2025.fr\/en\/lycee-ampere-a-lyon\/\"},\"wordCount\":163,\"publisher\":{\"@id\":\"https:\/\/ampere2025.fr\/en\/#organization\"},\"image\":{\"@id\":\"https:\/\/ampere2025.fr\/en\/lycee-ampere-a-lyon\/#primaryimage\"},\"thumbnailUrl\":\"https:\/\/ampere2025.fr\/wp-content\/uploads\/2024\/06\/porte-lycee-ampere-lyon.jpg\",\"keywords\":[\"Autour d'Amp\u00e8re\"],\"articleSection\":[\"About Amp\u00e8re\",\"Non class\u00e9\"],\"inLanguage\":\"en-US\"},{\"@type\":\"WebPage\",\"@id\":\"https:\/\/ampere2025.fr\/en\/lycee-ampere-a-lyon\/\",\"url\":\"https:\/\/ampere2025.fr\/en\/lycee-ampere-a-lyon\/\",\"name\":\"Lyc\u00e9e Amp\u00e8re in lyon - Amp\u00e8re 2025\",\"isPartOf\":{\"@id\":\"https:\/\/ampere2025.fr\/en\/#website\"},\"primaryImageOfPage\":{\"@id\":\"https:\/\/ampere2025.fr\/en\/lycee-ampere-a-lyon\/#primaryimage\"},\"image\":{\"@id\":\"https:\/\/ampere2025.fr\/en\/lycee-ampere-a-lyon\/#primaryimage\"},\"thumbnailUrl\":\"https:\/\/ampere2025.fr\/wp-content\/uploads\/2024\/06\/porte-lycee-ampere-lyon.jpg\",\"datePublished\":\"2024-01-20T11:05:31+00:00\",\"dateModified\":\"2024-09-20T09:14:24+00:00\",\"breadcrumb\":{\"@id\":\"https:\/\/ampere2025.fr\/en\/lycee-ampere-a-lyon\/#breadcrumb\"},\"inLanguage\":\"en-US\",\"potentialAction\":[{\"@type\":\"ReadAction\",\"target\":[\"https:\/\/ampere2025.fr\/en\/lycee-ampere-a-lyon\/\"]}]},{\"@type\":\"ImageObject\",\"inLanguage\":\"en-US\",\"@id\":\"https:\/\/ampere2025.fr\/en\/lycee-ampere-a-lyon\/#primaryimage\",\"url\":\"https:\/\/ampere2025.fr\/wp-content\/uploads\/2024\/06\/porte-lycee-ampere-lyon.jpg\",\"contentUrl\":\"https:\/\/ampere2025.fr\/wp-content\/uploads\/2024\/06\/porte-lycee-ampere-lyon.jpg\",\"width\":408,\"height\":599},{\"@type\":\"BreadcrumbList\",\"@id\":\"https:\/\/ampere2025.fr\/en\/lycee-ampere-a-lyon\/#breadcrumb\",\"itemListElement\":[{\"@type\":\"ListItem\",\"position\":1,\"name\":\"Accueil\",\"item\":\"https:\/\/ampere2025.fr\/en\/\"},{\"@type\":\"ListItem\",\"position\":2,\"name\":\"Lyc\u00e9e Amp\u00e8re in lyon\"}]},{\"@type\":\"WebSite\",\"@id\":\"https:\/\/ampere2025.fr\/en\/#website\",\"url\":\"https:\/\/ampere2025.fr\/en\/\",\"name\":\"Amp\u00e8re 2025\",\"description\":\"Demain, un monde \u00e9lectrique\",\"publisher\":{\"@id\":\"https:\/\/ampere2025.fr\/en\/#organization\"},\"potentialAction\":[{\"@type\":\"SearchAction\",\"target\":{\"@type\":\"EntryPoint\",\"urlTemplate\":\"https:\/\/ampere2025.fr\/en\/?s={search_term_string}\"},\"query-input\":{\"@type\":\"PropertyValueSpecification\",\"valueRequired\":true,\"valueName\":\"search_term_string\"}}],\"inLanguage\":\"en-US\"},{\"@type\":\"Organization\",\"@id\":\"https:\/\/ampere2025.fr\/en\/#organization\",\"name\":\"Amp\u00e8re 2025\",\"url\":\"https:\/\/ampere2025.fr\/en\/\",\"logo\":{\"@type\":\"ImageObject\",\"inLanguage\":\"en-US\",\"@id\":\"https:\/\/ampere2025.fr\/en\/#\/schema\/logo\/image\/\",\"url\":\"https:\/\/ampere2025.fr\/wp-content\/uploads\/2024\/07\/cropped-Bandeau-Ampere-2025-FR-EN-V5-1.png\",\"contentUrl\":\"https:\/\/ampere2025.fr\/wp-content\/uploads\/2024\/07\/cropped-Bandeau-Ampere-2025-FR-EN-V5-1.png\",\"width\":2400,\"height\":399,\"caption\":\"Amp\u00e8re 2025\"},\"image\":{\"@id\":\"https:\/\/ampere2025.fr\/en\/#\/schema\/logo\/image\/\"},\"sameAs\":[\"https:\/\/www.facebook.com\/saamapoleymieux69\/\",\"https:\/\/x.com\/amperemaison\",\"https:\/\/www.instagram.com\/museeampere\"]},{\"@type\":\"Person\",\"@id\":\"https:\/\/ampere2025.fr\/en\/#\/schema\/person\/09f086a5ecfcdac515fd60aa760a6742\",\"name\":\"admin\",\"image\":{\"@type\":\"ImageObject\",\"inLanguage\":\"en-US\",\"@id\":\"https:\/\/ampere2025.fr\/en\/#\/schema\/person\/image\/\",\"url\":\"https:\/\/secure.gravatar.com\/avatar\/9ce08126ac4510e191861f1021721a00fa115baa17f54fa91fca6a6b58223c4c?s=96&d=mm&r=g\",\"contentUrl\":\"https:\/\/secure.gravatar.com\/avatar\/9ce08126ac4510e191861f1021721a00fa115baa17f54fa91fca6a6b58223c4c?s=96&d=mm&r=g\",\"caption\":\"admin\"},\"sameAs\":[\"https:\/\/ampere2025.fr\"],\"url\":\"https:\/\/ampere2025.fr\/en\/author\/admin\/\"}]}<\/script>\n<!-- \/ Yoast SEO plugin. -->","yoast_head_json":{"title":"Lyc\u00e9e Amp\u00e8re in lyon - Amp\u00e8re 2025","robots":{"index":"index","follow":"follow","max-snippet":"max-snippet:-1","max-image-preview":"max-image-preview:large","max-video-preview":"max-video-preview:-1"},"canonical":"https:\/\/ampere2025.fr\/en\/lycee-ampere-a-lyon\/","og_locale":"en_US","og_type":"article","og_title":"Lyc\u00e9e Amp\u00e8re in lyon - Amp\u00e8re 2025","og_description":"Founded as an educational establishment in 1519, then as the Coll\u00e8ge de la Trinit\u00e9, taken over by the members of [&hellip;]","og_url":"https:\/\/ampere2025.fr\/en\/lycee-ampere-a-lyon\/","og_site_name":"Amp\u00e8re 2025","article_publisher":"https:\/\/www.facebook.com\/saamapoleymieux69\/","article_published_time":"2024-01-20T11:05:31+00:00","article_modified_time":"2024-09-20T09:14:24+00:00","og_image":[{"width":408,"height":599,"url":"https:\/\/ampere2025.fr\/wp-content\/uploads\/2024\/06\/porte-lycee-ampere-lyon.jpg","type":"image\/jpeg"}],"author":"admin","twitter_card":"summary_large_image","twitter_creator":"@amperemaison","twitter_site":"@amperemaison","twitter_misc":{"Written by":"admin","Est. reading time":"2 minutes"},"schema":{"@context":"https:\/\/schema.org","@graph":[{"@type":"Article","@id":"https:\/\/ampere2025.fr\/en\/lycee-ampere-a-lyon\/#article","isPartOf":{"@id":"https:\/\/ampere2025.fr\/en\/lycee-ampere-a-lyon\/"},"author":{"name":"admin","@id":"https:\/\/ampere2025.fr\/en\/#\/schema\/person\/09f086a5ecfcdac515fd60aa760a6742"},"headline":"Lyc\u00e9e Amp\u00e8re in lyon","datePublished":"2024-01-20T11:05:31+00:00","dateModified":"2024-09-20T09:14:24+00:00","mainEntityOfPage":{"@id":"https:\/\/ampere2025.fr\/en\/lycee-ampere-a-lyon\/"},"wordCount":163,"publisher":{"@id":"https:\/\/ampere2025.fr\/en\/#organization"},"image":{"@id":"https:\/\/ampere2025.fr\/en\/lycee-ampere-a-lyon\/#primaryimage"},"thumbnailUrl":"https:\/\/ampere2025.fr\/wp-content\/uploads\/2024\/06\/porte-lycee-ampere-lyon.jpg","keywords":["Autour d'Amp\u00e8re"],"articleSection":["About Amp\u00e8re","Non class\u00e9"],"inLanguage":"en-US"},{"@type":"WebPage","@id":"https:\/\/ampere2025.fr\/en\/lycee-ampere-a-lyon\/","url":"https:\/\/ampere2025.fr\/en\/lycee-ampere-a-lyon\/","name":"Lyc\u00e9e Amp\u00e8re in lyon - Amp\u00e8re 2025","isPartOf":{"@id":"https:\/\/ampere2025.fr\/en\/#website"},"primaryImageOfPage":{"@id":"https:\/\/ampere2025.fr\/en\/lycee-ampere-a-lyon\/#primaryimage"},"image":{"@id":"https:\/\/ampere2025.fr\/en\/lycee-ampere-a-lyon\/#primaryimage"},"thumbnailUrl":"https:\/\/ampere2025.fr\/wp-content\/uploads\/2024\/06\/porte-lycee-ampere-lyon.jpg","datePublished":"2024-01-20T11:05:31+00:00","dateModified":"2024-09-20T09:14:24+00:00","breadcrumb":{"@id":"https:\/\/ampere2025.fr\/en\/lycee-ampere-a-lyon\/#breadcrumb"},"inLanguage":"en-US","potentialAction":[{"@type":"ReadAction","target":["https:\/\/ampere2025.fr\/en\/lycee-ampere-a-lyon\/"]}]},{"@type":"ImageObject","inLanguage":"en-US","@id":"https:\/\/ampere2025.fr\/en\/lycee-ampere-a-lyon\/#primaryimage","url":"https:\/\/ampere2025.fr\/wp-content\/uploads\/2024\/06\/porte-lycee-ampere-lyon.jpg","contentUrl":"https:\/\/ampere2025.fr\/wp-content\/uploads\/2024\/06\/porte-lycee-ampere-lyon.jpg","width":408,"height":599},{"@type":"BreadcrumbList","@id":"https:\/\/ampere2025.fr\/en\/lycee-ampere-a-lyon\/#breadcrumb","itemListElement":[{"@type":"ListItem","position":1,"name":"Accueil","item":"https:\/\/ampere2025.fr\/en\/"},{"@type":"ListItem","position":2,"name":"Lyc\u00e9e Amp\u00e8re in lyon"}]},{"@type":"WebSite","@id":"https:\/\/ampere2025.fr\/en\/#website","url":"https:\/\/ampere2025.fr\/en\/","name":"Amp\u00e8re 2025","description":"Demain, un monde \u00e9lectrique","publisher":{"@id":"https:\/\/ampere2025.fr\/en\/#organization"},"potentialAction":[{"@type":"SearchAction","target":{"@type":"EntryPoint","urlTemplate":"https:\/\/ampere2025.fr\/en\/?s={search_term_string}"},"query-input":{"@type":"PropertyValueSpecification","valueRequired":true,"valueName":"search_term_string"}}],"inLanguage":"en-US"},{"@type":"Organization","@id":"https:\/\/ampere2025.fr\/en\/#organization","name":"Amp\u00e8re 2025","url":"https:\/\/ampere2025.fr\/en\/","logo":{"@type":"ImageObject","inLanguage":"en-US","@id":"https:\/\/ampere2025.fr\/en\/#\/schema\/logo\/image\/","url":"https:\/\/ampere2025.fr\/wp-content\/uploads\/2024\/07\/cropped-Bandeau-Ampere-2025-FR-EN-V5-1.png","contentUrl":"https:\/\/ampere2025.fr\/wp-content\/uploads\/2024\/07\/cropped-Bandeau-Ampere-2025-FR-EN-V5-1.png","width":2400,"height":399,"caption":"Amp\u00e8re 2025"},"image":{"@id":"https:\/\/ampere2025.fr\/en\/#\/schema\/logo\/image\/"},"sameAs":["https:\/\/www.facebook.com\/saamapoleymieux69\/","https:\/\/x.com\/amperemaison","https:\/\/www.instagram.com\/museeampere"]},{"@type":"Person","@id":"https:\/\/ampere2025.fr\/en\/#\/schema\/person\/09f086a5ecfcdac515fd60aa760a6742","name":"admin","image":{"@type":"ImageObject","inLanguage":"en-US","@id":"https:\/\/ampere2025.fr\/en\/#\/schema\/person\/image\/","url":"https:\/\/secure.gravatar.com\/avatar\/9ce08126ac4510e191861f1021721a00fa115baa17f54fa91fca6a6b58223c4c?s=96&d=mm&r=g","contentUrl":"https:\/\/secure.gravatar.com\/avatar\/9ce08126ac4510e191861f1021721a00fa115baa17f54fa91fca6a6b58223c4c?s=96&d=mm&r=g","caption":"admin"},"sameAs":["https:\/\/ampere2025.fr"],"url":"https:\/\/ampere2025.fr\/en\/author\/admin\/"}]}},"uagb_featured_image_src":{"full":["https:\/\/ampere2025.fr\/wp-content\/uploads\/2024\/06\/porte-lycee-ampere-lyon.jpg",408,599,false],"thumbnail":["https:\/\/ampere2025.fr\/wp-content\/uploads\/2024\/06\/porte-lycee-ampere-lyon-150x150.jpg",150,150,true],"medium":["https:\/\/ampere2025.fr\/wp-content\/uploads\/2024\/06\/porte-lycee-ampere-lyon-204x300.jpg",204,300,true],"medium_large":["https:\/\/ampere2025.fr\/wp-content\/uploads\/2024\/06\/porte-lycee-ampere-lyon.jpg",408,599,false],"large":["https:\/\/ampere2025.fr\/wp-content\/uploads\/2024\/06\/porte-lycee-ampere-lyon.jpg",408,599,false],"1536x1536":["https:\/\/ampere2025.fr\/wp-content\/uploads\/2024\/06\/porte-lycee-ampere-lyon.jpg",408,599,false],"2048x2048":["https:\/\/ampere2025.fr\/wp-content\/uploads\/2024\/06\/porte-lycee-ampere-lyon.jpg",408,599,false]},"uagb_author_info":{"display_name":"admin","author_link":"https:\/\/ampere2025.fr\/en\/author\/admin\/"},"uagb_comment_info":0,"uagb_excerpt":"Founded as an educational establishment in 1519, then as the Coll\u00e8ge de la Trinit\u00e9, taken over by the members of [&hellip;]","_links":{"self":[{"href":"https:\/\/ampere2025.fr\/en\/wp-json\/wp\/v2\/posts\/2157","targetHints":{"allow":["GET"]}}],"collection":[{"href":"https:\/\/ampere2025.fr\/en\/wp-json\/wp\/v2\/posts"}],"about":[{"href":"https:\/\/ampere2025.fr\/en\/wp-json\/wp\/v2\/types\/post"}],"author":[{"embeddable":true,"href":"https:\/\/ampere2025.fr\/en\/wp-json\/wp\/v2\/users\/1"}],"replies":[{"embeddable":true,"href":"https:\/\/ampere2025.fr\/en\/wp-json\/wp\/v2\/comments?post=2157"}],"version-history":[{"count":4,"href":"https:\/\/ampere2025.fr\/en\/wp-json\/wp\/v2\/posts\/2157\/revisions"}],"predecessor-version":[{"id":2163,"href":"https:\/\/ampere2025.fr\/en\/wp-json\/wp\/v2\/posts\/2157\/revisions\/2163"}],"wp:featuredmedia":[{"embeddable":true,"href":"https:\/\/ampere2025.fr\/en\/wp-json\/wp\/v2\/media\/2150"}],"wp:attachment":[{"href":"https:\/\/ampere2025.fr\/en\/wp-json\/wp\/v2\/media?parent=2157"}],"wp:term":[{"taxonomy":"category","embeddable":true,"href":"https:\/\/ampere2025.fr\/en\/wp-json\/wp\/v2\/categories?post=2157"},{"taxonomy":"post_tag","embeddable":true,"href":"https:\/\/ampere2025.fr\/en\/wp-json\/wp\/v2\/tags?post=2157"}],"curies":[{"name":"wp","href":"https:\/\/api.w.org\/{rel}","templated":true}]}}